
		
		
		{"id":25908,"date":"2024-08-09T14:23:18","date_gmt":"2024-08-09T14:23:18","guid":{"rendered":"https:\/\/www.liberedivivere.com\/?p=25908"},"modified":"2024-08-09T14:49:12","modified_gmt":"2024-08-09T14:49:12","slug":"kathryn-bigelow-juste-avant-la-vague","status":"publish","type":"post","link":"https:\/\/www.liberedivivere.com\/fr\/kathryn-bigelow-juste-avant-la-vague\/","title":{"rendered":"Kathryn Bigelow <br> Juste avant la vague"},"content":{"rendered":"<p>Le roman graphique de cette <strong>h\u00e9ro\u00efne du cin\u00e9ma am\u00e9ricain<\/strong> est consacr\u00e9 \u00e0 une femme qui embrasse une carri\u00e8re de cin\u00e9aste, toujours domin\u00e9e par les hommes, gr\u00e2ce \u00e0 son talent extraordinaire qui l&#8217;a fait d\u00e9buter comme peintre et l&#8217;a amen\u00e9e de San Francisco \u00e0 New York, apr\u00e8s avoir remport\u00e9 un prestigieux programme d&#8217;\u00e9tudes.<\/p>\n<p>Femme \u00e9loign\u00e9e du style divin et toujours tr\u00e8s priv\u00e9e, elle parle peu de sa vie et de sa collaboration avec le grand James Cameron, qu&#8217;elle \u00e9pouse en 1989 et qu&#8217;elle quitte apr\u00e8s seulement deux ans. Dans &#8220;Point Break&#8221; (1991), film culte incontournable des ann\u00e9es 1990, elle d\u00e9voile alors toutes ses qualit\u00e9s aupr\u00e8s de James Cameron, qui officie m\u00eame ici en tant que producteur ex\u00e9cutif.<br \/>\nAvec un talent visuel remarquable et une capacit\u00e9 \u00e0 construire un rythme rapide, l&#8217;auteur parvient \u00e0 marquer le genre en combinant la logique du polar made in USA avec une histoire de d\u00e9fi presque ancestral entre deux hommes, entre l&#8217;ordre et le chaos, entre l&#8217;homme et la nature.<br \/>\nSes meilleurs films continuent ensuite de raconter l&#8217;histoire de l&#8217;Am\u00e9rique dans des tons vifs la plupart du temps, toujours avec une grande tension comme dans &#8220;D\u00e9troit&#8221; (2017) o\u00f9 il parvient \u00e0 diss\u00e9quer les racines historiques et culturelles de la violence raciale dans les \u00e9v\u00e9nements de 1967 en utilisant le film comme un outil de plus en plus politique pour d\u00e9noncer l&#8217;oppression culturelle et sociale sur la communaut\u00e9 afro-am\u00e9ricaine.<\/p>\n<p><strong>Plus de 40 ans de carri\u00e8re<\/strong> et au moins 10 films m\u00e9morables dans lesquels on retrouve les th\u00e8mes r\u00e9currents de la r\u00e9bellion et de la violence, deux faces d&#8217;une m\u00eame pi\u00e8ce, qui transcendent toutes deux la sph\u00e8re priv\u00e9e pour devenir un instantan\u00e9 d&#8217;une soci\u00e9t\u00e9 et une marque in\u00e9vitable de l&#8217;humanit\u00e9.<\/p>\n<p><strong>Cliquez sur l&#8217;image et lisez la Novella\u2935.<\/strong><\/p>\n","protected":false},"excerpt":{"rendered":"Le roman graphique de cette h\u00e9ro\u00efne du cin\u00e9ma am\u00e9ricain est consacr\u00e9 \u00e0 une femme qui embrasse une carri\u00e8re de cin\u00e9aste, toujours domin\u00e9e par les hommes, gr\u00e2ce \u00e0 son talent extraordinaire qui l&#8217;a fait d\u00e9buter comme peintre et l&#8217;a amen\u00e9e de San Francisco \u00e0 New York, apr\u00e8s avoir remport\u00e9 un prestigieux programme d&#8217;\u00e9tudes. Femme \u00e9loign\u00e9e du&#8230; <a class=\"view-article\" href=\"https:\/\/www.liberedivivere.com\/fr\/kathryn-bigelow-juste-avant-la-vague\/\">Voir l&#8217;article<\/a>","protected":false},"author":4,"featured_media":25906,"comment_status":"closed","ping_status":"open","sticky":false,"template":"","format":"standard","meta":{"_acf_changed":false,"footnotes":""},"categories":[27],"tags":[],"class_list":["post-25908","post","type-post","status-publish","format-standard","has-post-thumbnail","hentry","category-romans-graphiques"],"acf":[],"yoast_head":"<!-- This site is optimized with the Yoast SEO plugin v23.5 - https:\/\/yoast.com\/wordpress\/plugins\/seo\/ -->\n<title>Kathryn Bigelow  Juste avant la vague - Libere di vivere<\/title>\n<meta name=\"robots\" content=\"index, follow, max-snippet:-1, max-image-preview:large, max-video-preview:-1\" \/>\n<link rel=\"canonical\" href=\"https:\/\/www.liberedivivere.com\/fr\/kathryn-bigelow-juste-avant-la-vague\/\" \/>\n<meta property=\"og:locale\" content=\"fr_FR\" \/>\n<meta property=\"og:type\" content=\"article\" \/>\n<meta property=\"og:title\" content=\"Kathryn Bigelow  Juste avant la vague - Libere di vivere\" \/>\n<meta property=\"og:description\" content=\"Le roman graphique de cette h\u00e9ro\u00efne du cin\u00e9ma am\u00e9ricain est consacr\u00e9 \u00e0 une femme qui embrasse une carri\u00e8re de cin\u00e9aste, toujours domin\u00e9e par les hommes, gr\u00e2ce \u00e0 son talent extraordinaire qui l&#8217;a fait d\u00e9buter comme peintre et l&#8217;a amen\u00e9e de San Francisco \u00e0 New York, apr\u00e8s avoir remport\u00e9 un prestigieux programme d&#8217;\u00e9tudes. Femme \u00e9loign\u00e9e du... Voir l&#039;article\" \/>\n<meta property=\"og:url\" content=\"https:\/\/www.liberedivivere.com\/fr\/kathryn-bigelow-juste-avant-la-vague\/\" \/>\n<meta property=\"og:site_name\" content=\"Libere di vivere\" \/>\n<meta property=\"article:publisher\" content=\"https:\/\/www.facebook.com\/GlobalThinkingFoundation\/\" \/>\n<meta property=\"article:published_time\" content=\"2024-08-09T14:23:18+00:00\" \/>\n<meta property=\"article:modified_time\" content=\"2024-08-09T14:49:12+00:00\" \/>\n<meta property=\"og:image\" content=\"https:\/\/www.liberedivivere.com\/wp-content\/uploads\/2024\/08\/Copertina-bigelow-FR-700x996.png\" \/>\n\t<meta property=\"og:image:width\" content=\"700\" \/>\n\t<meta property=\"og:image:height\" content=\"996\" \/>\n\t<meta property=\"og:image:type\" content=\"image\/png\" \/>\n<meta name=\"author\" content=\"Sara Auletta\" \/>\n<meta name=\"twitter:card\" content=\"summary_large_image\" \/>\n<meta name=\"twitter:label1\" content=\"Written by\" \/>\n\t<meta name=\"twitter:data1\" content=\"Sara Auletta\" \/>\n\t<meta name=\"twitter:label2\" content=\"Est. reading time\" \/>\n\t<meta name=\"twitter:data2\" content=\"2 minutes\" \/>\n<script type=\"application\/ld+json\" class=\"yoast-schema-graph\">{\"@context\":\"https:\/\/schema.org\",\"@graph\":[{\"@type\":\"Article\",\"@id\":\"https:\/\/www.liberedivivere.com\/fr\/kathryn-bigelow-juste-avant-la-vague\/#article\",\"isPartOf\":{\"@id\":\"https:\/\/www.liberedivivere.com\/fr\/kathryn-bigelow-juste-avant-la-vague\/\"},\"author\":{\"name\":\"Sara Auletta\",\"@id\":\"https:\/\/www.liberedivivere.com\/#\/schema\/person\/1d81f2ed2921f1fa5a2fd7b366a3d324\"},\"headline\":\"Kathryn Bigelow Juste avant la vague\",\"datePublished\":\"2024-08-09T14:23:18+00:00\",\"dateModified\":\"2024-08-09T14:49:12+00:00\",\"mainEntityOfPage\":{\"@id\":\"https:\/\/www.liberedivivere.com\/fr\/kathryn-bigelow-juste-avant-la-vague\/\"},\"wordCount\":336,\"publisher\":{\"@id\":\"https:\/\/www.liberedivivere.com\/#organization\"},\"image\":{\"@id\":\"https:\/\/www.liberedivivere.com\/fr\/kathryn-bigelow-juste-avant-la-vague\/#primaryimage\"},\"thumbnailUrl\":\"https:\/\/www.liberedivivere.com\/wp-content\/uploads\/2024\/08\/Copertina-bigelow-FR.png\",\"articleSection\":[\"Romans Graphiques: Voix de Femmes d\u2019Univers Infinis\"],\"inLanguage\":\"fr-FR\"},{\"@type\":\"WebPage\",\"@id\":\"https:\/\/www.liberedivivere.com\/fr\/kathryn-bigelow-juste-avant-la-vague\/\",\"url\":\"https:\/\/www.liberedivivere.com\/fr\/kathryn-bigelow-juste-avant-la-vague\/\",\"name\":\"Kathryn Bigelow Juste avant la vague - Libere di vivere\",\"isPartOf\":{\"@id\":\"https:\/\/www.liberedivivere.com\/#website\"},\"primaryImageOfPage\":{\"@id\":\"https:\/\/www.liberedivivere.com\/fr\/kathryn-bigelow-juste-avant-la-vague\/#primaryimage\"},\"image\":{\"@id\":\"https:\/\/www.liberedivivere.com\/fr\/kathryn-bigelow-juste-avant-la-vague\/#primaryimage\"},\"thumbnailUrl\":\"https:\/\/www.liberedivivere.com\/wp-content\/uploads\/2024\/08\/Copertina-bigelow-FR.png\",\"datePublished\":\"2024-08-09T14:23:18+00:00\",\"dateModified\":\"2024-08-09T14:49:12+00:00\",\"breadcrumb\":{\"@id\":\"https:\/\/www.liberedivivere.com\/fr\/kathryn-bigelow-juste-avant-la-vague\/#breadcrumb\"},\"inLanguage\":\"fr-FR\",\"potentialAction\":[{\"@type\":\"ReadAction\",\"target\":[\"https:\/\/www.liberedivivere.com\/fr\/kathryn-bigelow-juste-avant-la-vague\/\"]}]},{\"@type\":\"ImageObject\",\"inLanguage\":\"fr-FR\",\"@id\":\"https:\/\/www.liberedivivere.com\/fr\/kathryn-bigelow-juste-avant-la-vague\/#primaryimage\",\"url\":\"https:\/\/www.liberedivivere.com\/wp-content\/uploads\/2024\/08\/Copertina-bigelow-FR.png\",\"contentUrl\":\"https:\/\/www.liberedivivere.com\/wp-content\/uploads\/2024\/08\/Copertina-bigelow-FR.png\",\"width\":1012,\"height\":1440},{\"@type\":\"BreadcrumbList\",\"@id\":\"https:\/\/www.liberedivivere.com\/fr\/kathryn-bigelow-juste-avant-la-vague\/#breadcrumb\",\"itemListElement\":[{\"@type\":\"ListItem\",\"position\":1,\"name\":\"Home\",\"item\":\"https:\/\/www.liberedivivere.com\/fr\/\"},{\"@type\":\"ListItem\",\"position\":2,\"name\":\"Kathryn Bigelow Juste avant la vague\"}]},{\"@type\":\"WebSite\",\"@id\":\"https:\/\/www.liberedivivere.com\/#website\",\"url\":\"https:\/\/www.liberedivivere.com\/\",\"name\":\"Libere di\u2026VIVERE\",\"description\":\"Just another WordPress site\",\"publisher\":{\"@id\":\"https:\/\/www.liberedivivere.com\/#organization\"},\"potentialAction\":[{\"@type\":\"SearchAction\",\"target\":{\"@type\":\"EntryPoint\",\"urlTemplate\":\"https:\/\/www.liberedivivere.com\/?s={search_term_string}\"},\"query-input\":{\"@type\":\"PropertyValueSpecification\",\"valueRequired\":true,\"valueName\":\"search_term_string\"}}],\"inLanguage\":\"fr-FR\"},{\"@type\":\"Organization\",\"@id\":\"https:\/\/www.liberedivivere.com\/#organization\",\"name\":\"Global Thinking Foundation\",\"url\":\"https:\/\/www.liberedivivere.com\/\",\"logo\":{\"@type\":\"ImageObject\",\"inLanguage\":\"fr-FR\",\"@id\":\"https:\/\/www.liberedivivere.com\/#\/schema\/logo\/image\/\",\"url\":\"https:\/\/www.liberedivivere.com\/wp-content\/uploads\/2020\/07\/logo_slider.png\",\"contentUrl\":\"https:\/\/www.liberedivivere.com\/wp-content\/uploads\/2020\/07\/logo_slider.png\",\"width\":605,\"height\":561,\"caption\":\"Global Thinking Foundation\"},\"image\":{\"@id\":\"https:\/\/www.liberedivivere.com\/#\/schema\/logo\/image\/\"},\"sameAs\":[\"https:\/\/www.facebook.com\/GlobalThinkingFoundation\/\",\"https:\/\/www.instagram.com\/globalthinkingfoundation\/\",\"https:\/\/www.youtube.com\/channel\/UCDNBF4vXJH618xaFlqdyYhw\"]},{\"@type\":\"Person\",\"@id\":\"https:\/\/www.liberedivivere.com\/#\/schema\/person\/1d81f2ed2921f1fa5a2fd7b366a3d324\",\"name\":\"Sara Auletta\",\"image\":{\"@type\":\"ImageObject\",\"inLanguage\":\"fr-FR\",\"@id\":\"https:\/\/www.liberedivivere.com\/#\/schema\/person\/image\/\",\"url\":\"https:\/\/secure.gravatar.com\/avatar\/36efe9e6bafc07689eca14443c896288?s=96&d=mm&r=g\",\"contentUrl\":\"https:\/\/secure.gravatar.com\/avatar\/36efe9e6bafc07689eca14443c896288?s=96&d=mm&r=g\",\"caption\":\"Sara Auletta\"}}]}<\/script>\n<!-- \/ Yoast SEO plugin. -->","yoast_head_json":{"title":"Kathryn Bigelow  Juste avant la vague - Libere di vivere","robots":{"index":"index","follow":"follow","max-snippet":"max-snippet:-1","max-image-preview":"max-image-preview:large","max-video-preview":"max-video-preview:-1"},"canonical":"https:\/\/www.liberedivivere.com\/fr\/kathryn-bigelow-juste-avant-la-vague\/","og_locale":"fr_FR","og_type":"article","og_title":"Kathryn Bigelow  Juste avant la vague - Libere di vivere","og_description":"Le roman graphique de cette h\u00e9ro\u00efne du cin\u00e9ma am\u00e9ricain est consacr\u00e9 \u00e0 une femme qui embrasse une carri\u00e8re de cin\u00e9aste, toujours domin\u00e9e par les hommes, gr\u00e2ce \u00e0 son talent extraordinaire qui l&#8217;a fait d\u00e9buter comme peintre et l&#8217;a amen\u00e9e de San Francisco \u00e0 New York, apr\u00e8s avoir remport\u00e9 un prestigieux programme d&#8217;\u00e9tudes. Femme \u00e9loign\u00e9e du... Voir l'article","og_url":"https:\/\/www.liberedivivere.com\/fr\/kathryn-bigelow-juste-avant-la-vague\/","og_site_name":"Libere di vivere","article_publisher":"https:\/\/www.facebook.com\/GlobalThinkingFoundation\/","article_published_time":"2024-08-09T14:23:18+00:00","article_modified_time":"2024-08-09T14:49:12+00:00","og_image":[{"width":700,"height":996,"url":"https:\/\/www.liberedivivere.com\/wp-content\/uploads\/2024\/08\/Copertina-bigelow-FR-700x996.png","type":"image\/png"}],"author":"Sara Auletta","twitter_card":"summary_large_image","twitter_misc":{"Written by":"Sara Auletta","Est. reading time":"2 minutes"},"schema":{"@context":"https:\/\/schema.org","@graph":[{"@type":"Article","@id":"https:\/\/www.liberedivivere.com\/fr\/kathryn-bigelow-juste-avant-la-vague\/#article","isPartOf":{"@id":"https:\/\/www.liberedivivere.com\/fr\/kathryn-bigelow-juste-avant-la-vague\/"},"author":{"name":"Sara Auletta","@id":"https:\/\/www.liberedivivere.com\/#\/schema\/person\/1d81f2ed2921f1fa5a2fd7b366a3d324"},"headline":"Kathryn Bigelow Juste avant la vague","datePublished":"2024-08-09T14:23:18+00:00","dateModified":"2024-08-09T14:49:12+00:00","mainEntityOfPage":{"@id":"https:\/\/www.liberedivivere.com\/fr\/kathryn-bigelow-juste-avant-la-vague\/"},"wordCount":336,"publisher":{"@id":"https:\/\/www.liberedivivere.com\/#organization"},"image":{"@id":"https:\/\/www.liberedivivere.com\/fr\/kathryn-bigelow-juste-avant-la-vague\/#primaryimage"},"thumbnailUrl":"https:\/\/www.liberedivivere.com\/wp-content\/uploads\/2024\/08\/Copertina-bigelow-FR.png","articleSection":["Romans Graphiques: Voix de Femmes d\u2019Univers Infinis"],"inLanguage":"fr-FR"},{"@type":"WebPage","@id":"https:\/\/www.liberedivivere.com\/fr\/kathryn-bigelow-juste-avant-la-vague\/","url":"https:\/\/www.liberedivivere.com\/fr\/kathryn-bigelow-juste-avant-la-vague\/","name":"Kathryn Bigelow Juste avant la vague - Libere di vivere","isPartOf":{"@id":"https:\/\/www.liberedivivere.com\/#website"},"primaryImageOfPage":{"@id":"https:\/\/www.liberedivivere.com\/fr\/kathryn-bigelow-juste-avant-la-vague\/#primaryimage"},"image":{"@id":"https:\/\/www.liberedivivere.com\/fr\/kathryn-bigelow-juste-avant-la-vague\/#primaryimage"},"thumbnailUrl":"https:\/\/www.liberedivivere.com\/wp-content\/uploads\/2024\/08\/Copertina-bigelow-FR.png","datePublished":"2024-08-09T14:23:18+00:00","dateModified":"2024-08-09T14:49:12+00:00","breadcrumb":{"@id":"https:\/\/www.liberedivivere.com\/fr\/kathryn-bigelow-juste-avant-la-vague\/#breadcrumb"},"inLanguage":"fr-FR","potentialAction":[{"@type":"ReadAction","target":["https:\/\/www.liberedivivere.com\/fr\/kathryn-bigelow-juste-avant-la-vague\/"]}]},{"@type":"ImageObject","inLanguage":"fr-FR","@id":"https:\/\/www.liberedivivere.com\/fr\/kathryn-bigelow-juste-avant-la-vague\/#primaryimage","url":"https:\/\/www.liberedivivere.com\/wp-content\/uploads\/2024\/08\/Copertina-bigelow-FR.png","contentUrl":"https:\/\/www.liberedivivere.com\/wp-content\/uploads\/2024\/08\/Copertina-bigelow-FR.png","width":1012,"height":1440},{"@type":"BreadcrumbList","@id":"https:\/\/www.liberedivivere.com\/fr\/kathryn-bigelow-juste-avant-la-vague\/#breadcrumb","itemListElement":[{"@type":"ListItem","position":1,"name":"Home","item":"https:\/\/www.liberedivivere.com\/fr\/"},{"@type":"ListItem","position":2,"name":"Kathryn Bigelow Juste avant la vague"}]},{"@type":"WebSite","@id":"https:\/\/www.liberedivivere.com\/#website","url":"https:\/\/www.liberedivivere.com\/","name":"Libere di\u2026VIVERE","description":"Just another WordPress site","publisher":{"@id":"https:\/\/www.liberedivivere.com\/#organization"},"potentialAction":[{"@type":"SearchAction","target":{"@type":"EntryPoint","urlTemplate":"https:\/\/www.liberedivivere.com\/?s={search_term_string}"},"query-input":{"@type":"PropertyValueSpecification","valueRequired":true,"valueName":"search_term_string"}}],"inLanguage":"fr-FR"},{"@type":"Organization","@id":"https:\/\/www.liberedivivere.com\/#organization","name":"Global Thinking Foundation","url":"https:\/\/www.liberedivivere.com\/","logo":{"@type":"ImageObject","inLanguage":"fr-FR","@id":"https:\/\/www.liberedivivere.com\/#\/schema\/logo\/image\/","url":"https:\/\/www.liberedivivere.com\/wp-content\/uploads\/2020\/07\/logo_slider.png","contentUrl":"https:\/\/www.liberedivivere.com\/wp-content\/uploads\/2020\/07\/logo_slider.png","width":605,"height":561,"caption":"Global Thinking Foundation"},"image":{"@id":"https:\/\/www.liberedivivere.com\/#\/schema\/logo\/image\/"},"sameAs":["https:\/\/www.facebook.com\/GlobalThinkingFoundation\/","https:\/\/www.instagram.com\/globalthinkingfoundation\/","https:\/\/www.youtube.com\/channel\/UCDNBF4vXJH618xaFlqdyYhw"]},{"@type":"Person","@id":"https:\/\/www.liberedivivere.com\/#\/schema\/person\/1d81f2ed2921f1fa5a2fd7b366a3d324","name":"Sara Auletta","image":{"@type":"ImageObject","inLanguage":"fr-FR","@id":"https:\/\/www.liberedivivere.com\/#\/schema\/person\/image\/","url":"https:\/\/secure.gravatar.com\/avatar\/36efe9e6bafc07689eca14443c896288?s=96&d=mm&r=g","contentUrl":"https:\/\/secure.gravatar.com\/avatar\/36efe9e6bafc07689eca14443c896288?s=96&d=mm&r=g","caption":"Sara Auletta"}}]}},"_links":{"self":[{"href":"https:\/\/www.liberedivivere.com\/fr\/wp-json\/wp\/v2\/posts\/25908"}],"collection":[{"href":"https:\/\/www.liberedivivere.com\/fr\/wp-json\/wp\/v2\/posts"}],"about":[{"href":"https:\/\/www.liberedivivere.com\/fr\/wp-json\/wp\/v2\/types\/post"}],"author":[{"embeddable":true,"href":"https:\/\/www.liberedivivere.com\/fr\/wp-json\/wp\/v2\/users\/4"}],"replies":[{"embeddable":true,"href":"https:\/\/www.liberedivivere.com\/fr\/wp-json\/wp\/v2\/comments?post=25908"}],"version-history":[{"count":2,"href":"https:\/\/www.liberedivivere.com\/fr\/wp-json\/wp\/v2\/posts\/25908\/revisions"}],"predecessor-version":[{"id":25917,"href":"https:\/\/www.liberedivivere.com\/fr\/wp-json\/wp\/v2\/posts\/25908\/revisions\/25917"}],"wp:featuredmedia":[{"embeddable":true,"href":"https:\/\/www.liberedivivere.com\/fr\/wp-json\/wp\/v2\/media\/25906"}],"wp:attachment":[{"href":"https:\/\/www.liberedivivere.com\/fr\/wp-json\/wp\/v2\/media?parent=25908"}],"wp:term":[{"taxonomy":"category","embeddable":true,"href":"https:\/\/www.liberedivivere.com\/fr\/wp-json\/wp\/v2\/categories?post=25908"},{"taxonomy":"post_tag","embeddable":true,"href":"https:\/\/www.liberedivivere.com\/fr\/wp-json\/wp\/v2\/tags?post=25908"}],"curies":[{"name":"wp","href":"https:\/\/api.w.org\/{rel}","templated":true}]}}