
		
		
		{"id":20740,"date":"2021-12-27T08:25:42","date_gmt":"2021-12-27T08:25:42","guid":{"rendered":"https:\/\/www.liberedivivere.com\/?p=20740"},"modified":"2022-01-20T16:09:24","modified_gmt":"2022-01-20T16:09:24","slug":"eva-dans-les-jardins-de-lesprit","status":"publish","type":"post","link":"https:\/\/www.liberedivivere.com\/fr\/eva-dans-les-jardins-de-lesprit\/","title":{"rendered":"Eva <br>Dans les jardins de l&#8217;esprit"},"content":{"rendered":"<p>Voici une nouvelle figure embl\u00e9matique de notre voyage \u00e0 travers les &#8220;Voix de femmes d&#8217;univers infinis&#8221;.<\/p>\n<p>Eva Mameli Calvino repr\u00e9sente la n\u00e9cessit\u00e9 pour les femmes de saisir dans leurs \u00e9tudes et leurs carri\u00e8res scientifiques l&#8217;opportunit\u00e9 d&#8217;am\u00e9liorer leur propre destin et celui des autres mais aussi l&#8217;engagement envers elle-m\u00eame et de ne jamais renoncer \u00e0 une approche civilis\u00e9e, \u00e0 l&#8217;empathie envers les gens simples. Apparemment s\u00e9rieuse et r\u00e9serv\u00e9e (probablement le caract\u00e8re sarde pr\u00e9dominant), elle savait, en r\u00e9alit\u00e9, \u00eatre proche des gens en les aidant \u00e0 am\u00e9liorer leur condition sociale par la science comme &#8220;phare&#8221;, comme outil op\u00e9rationnel dans la sph\u00e8re sociale et avec son c\u0153ur, repr\u00e9sentant le courage des d\u00e9cisions.<\/p>\n<p>Son aventure intellectuelle est immense: il a \u00e9crit des milliers d&#8217;articles (scientifiques et sociaux), elle a \u00e9t\u00e9 professeure aux universit\u00e9s de Pavie et de Cagliari, elle a contribu\u00e9 \u00e0 la cr\u00e9ation de deux stations botaniques d&#8217;envergure internationale, elle a recr\u00e9\u00e9 le jardin botanique de Cagliari et a contribu\u00e9 \u00e0 introduire le concept de respect de la nature et de l&#8217;environnement dans toutes les sph\u00e8res de la soci\u00e9t\u00e9. En outre, elle a contribu\u00e9 <span style=\"font-weight: 400;\">\u00e0 la R\u00e9forme agraire italienne de l\u2019apr\u00e8s-guerre et a donn\u00e9 vie \u00e0 des c\u00e9nacles sur l\u2019importance de la nature. Elle reste dans les m\u00e9moires comme une h\u00e9ro\u00efne \u00e0 Cuba et comme une naturaliste moderne dans le monde entier.<\/span><\/p>\n<p>Eva a trouv\u00e9 dans son amiti\u00e9 avec Madame Atkins \u00e0 Cuba et avec B\u00e9atrice Duval en Italie des raisons communes de s&#8217;engager ensemble pour la croissance \u00e9conomique des plus faibles ou pour la protection de la nature. Des femmes qui ont su transformer l&#8217;entraide en opportunit\u00e9s de r\u00e9demption et d&#8217;innovation sociale. Un exemple pour les femmes d&#8217;aujourd&#8217;hui mais surtout pour celles de demain.<\/p>\n<p>Cliquez sur l&#8217;image pour lire le bulletin d&#8217;information<img decoding=\"async\" class=\"emoji\" role=\"img\" draggable=\"false\" src=\"https:\/\/s.w.org\/images\/core\/emoji\/13.1.0\/svg\/2935.svg\" alt=\"\u2935\" \/><\/p>\n<p>&nbsp;<\/p>\n","protected":false},"excerpt":{"rendered":"Voici une nouvelle figure embl\u00e9matique de notre voyage \u00e0 travers les &#8220;Voix de femmes d&#8217;univers infinis&#8221;. Eva Mameli Calvino repr\u00e9sente la n\u00e9cessit\u00e9 pour les femmes de saisir dans leurs \u00e9tudes et leurs carri\u00e8res scientifiques l&#8217;opportunit\u00e9 d&#8217;am\u00e9liorer leur propre destin et celui des autres mais aussi l&#8217;engagement envers elle-m\u00eame et de ne jamais renoncer \u00e0 une&#8230; <a class=\"view-article\" href=\"https:\/\/www.liberedivivere.com\/fr\/eva-dans-les-jardins-de-lesprit\/\">Voir l&#8217;article<\/a>","protected":false},"author":1,"featured_media":20741,"comment_status":"closed","ping_status":"open","sticky":false,"template":"","format":"standard","meta":{"_acf_changed":false,"footnotes":""},"categories":[27],"tags":[],"class_list":["post-20740","post","type-post","status-publish","format-standard","has-post-thumbnail","hentry","category-romans-graphiques"],"acf":[],"yoast_head":"<!-- This site is optimized with the Yoast SEO plugin v23.5 - https:\/\/yoast.com\/wordpress\/plugins\/seo\/ -->\n<title>Eva Dans les jardins de l&#039;esprit - Libere di vivere<\/title>\n<meta name=\"robots\" content=\"index, follow, max-snippet:-1, max-image-preview:large, max-video-preview:-1\" \/>\n<link rel=\"canonical\" href=\"https:\/\/www.liberedivivere.com\/fr\/eva-dans-les-jardins-de-lesprit\/\" \/>\n<meta property=\"og:locale\" content=\"fr_FR\" \/>\n<meta property=\"og:type\" content=\"article\" \/>\n<meta property=\"og:title\" content=\"Eva Dans les jardins de l&#039;esprit - Libere di vivere\" \/>\n<meta property=\"og:description\" content=\"Voici une nouvelle figure embl\u00e9matique de notre voyage \u00e0 travers les &#8220;Voix de femmes d&#8217;univers infinis&#8221;. Eva Mameli Calvino repr\u00e9sente la n\u00e9cessit\u00e9 pour les femmes de saisir dans leurs \u00e9tudes et leurs carri\u00e8res scientifiques l&#8217;opportunit\u00e9 d&#8217;am\u00e9liorer leur propre destin et celui des autres mais aussi l&#8217;engagement envers elle-m\u00eame et de ne jamais renoncer \u00e0 une... Voir l&#039;article\" \/>\n<meta property=\"og:url\" content=\"https:\/\/www.liberedivivere.com\/fr\/eva-dans-les-jardins-de-lesprit\/\" \/>\n<meta property=\"og:site_name\" content=\"Libere di vivere\" \/>\n<meta property=\"article:publisher\" content=\"https:\/\/www.facebook.com\/GlobalThinkingFoundation\/\" \/>\n<meta property=\"article:published_time\" content=\"2021-12-27T08:25:42+00:00\" \/>\n<meta property=\"article:modified_time\" content=\"2022-01-20T16:09:24+00:00\" \/>\n<meta property=\"og:image\" content=\"https:\/\/www.liberedivivere.com\/wp-content\/uploads\/2021\/12\/EVA-FRA_compressedImg_page-0001.jpg\" \/>\n\t<meta property=\"og:image:width\" content=\"1240\" \/>\n\t<meta property=\"og:image:height\" content=\"1753\" \/>\n\t<meta property=\"og:image:type\" content=\"image\/jpeg\" \/>\n<meta name=\"author\" content=\"admin\" \/>\n<meta name=\"twitter:card\" content=\"summary_large_image\" \/>\n<meta name=\"twitter:label1\" content=\"Written by\" \/>\n\t<meta name=\"twitter:data1\" content=\"admin\" \/>\n\t<meta name=\"twitter:label2\" content=\"Est. reading time\" \/>\n\t<meta name=\"twitter:data2\" content=\"2 minutes\" \/>\n<script type=\"application\/ld+json\" class=\"yoast-schema-graph\">{\"@context\":\"https:\/\/schema.org\",\"@graph\":[{\"@type\":\"Article\",\"@id\":\"https:\/\/www.liberedivivere.com\/fr\/eva-dans-les-jardins-de-lesprit\/#article\",\"isPartOf\":{\"@id\":\"https:\/\/www.liberedivivere.com\/fr\/eva-dans-les-jardins-de-lesprit\/\"},\"author\":{\"name\":\"admin\",\"@id\":\"https:\/\/www.liberedivivere.com\/#\/schema\/person\/7e727d972db772cf6c5945cde6f37446\"},\"headline\":\"Eva Dans les jardins de l&#8217;esprit\",\"datePublished\":\"2021-12-27T08:25:42+00:00\",\"dateModified\":\"2022-01-20T16:09:24+00:00\",\"mainEntityOfPage\":{\"@id\":\"https:\/\/www.liberedivivere.com\/fr\/eva-dans-les-jardins-de-lesprit\/\"},\"wordCount\":337,\"publisher\":{\"@id\":\"https:\/\/www.liberedivivere.com\/#organization\"},\"image\":{\"@id\":\"https:\/\/www.liberedivivere.com\/fr\/eva-dans-les-jardins-de-lesprit\/#primaryimage\"},\"thumbnailUrl\":\"https:\/\/www.liberedivivere.com\/wp-content\/uploads\/2021\/12\/EVA-FRA_compressedImg_page-0001.jpg\",\"articleSection\":[\"Romans Graphiques: Voix de Femmes d\u2019Univers Infinis\"],\"inLanguage\":\"fr-FR\"},{\"@type\":\"WebPage\",\"@id\":\"https:\/\/www.liberedivivere.com\/fr\/eva-dans-les-jardins-de-lesprit\/\",\"url\":\"https:\/\/www.liberedivivere.com\/fr\/eva-dans-les-jardins-de-lesprit\/\",\"name\":\"Eva Dans les jardins de l'esprit - Libere di vivere\",\"isPartOf\":{\"@id\":\"https:\/\/www.liberedivivere.com\/#website\"},\"primaryImageOfPage\":{\"@id\":\"https:\/\/www.liberedivivere.com\/fr\/eva-dans-les-jardins-de-lesprit\/#primaryimage\"},\"image\":{\"@id\":\"https:\/\/www.liberedivivere.com\/fr\/eva-dans-les-jardins-de-lesprit\/#primaryimage\"},\"thumbnailUrl\":\"https:\/\/www.liberedivivere.com\/wp-content\/uploads\/2021\/12\/EVA-FRA_compressedImg_page-0001.jpg\",\"datePublished\":\"2021-12-27T08:25:42+00:00\",\"dateModified\":\"2022-01-20T16:09:24+00:00\",\"breadcrumb\":{\"@id\":\"https:\/\/www.liberedivivere.com\/fr\/eva-dans-les-jardins-de-lesprit\/#breadcrumb\"},\"inLanguage\":\"fr-FR\",\"potentialAction\":[{\"@type\":\"ReadAction\",\"target\":[\"https:\/\/www.liberedivivere.com\/fr\/eva-dans-les-jardins-de-lesprit\/\"]}]},{\"@type\":\"ImageObject\",\"inLanguage\":\"fr-FR\",\"@id\":\"https:\/\/www.liberedivivere.com\/fr\/eva-dans-les-jardins-de-lesprit\/#primaryimage\",\"url\":\"https:\/\/www.liberedivivere.com\/wp-content\/uploads\/2021\/12\/EVA-FRA_compressedImg_page-0001.jpg\",\"contentUrl\":\"https:\/\/www.liberedivivere.com\/wp-content\/uploads\/2021\/12\/EVA-FRA_compressedImg_page-0001.jpg\",\"width\":1240,\"height\":1753},{\"@type\":\"BreadcrumbList\",\"@id\":\"https:\/\/www.liberedivivere.com\/fr\/eva-dans-les-jardins-de-lesprit\/#breadcrumb\",\"itemListElement\":[{\"@type\":\"ListItem\",\"position\":1,\"name\":\"Home\",\"item\":\"https:\/\/www.liberedivivere.com\/fr\/\"},{\"@type\":\"ListItem\",\"position\":2,\"name\":\"Eva Dans les jardins de l&#8217;esprit\"}]},{\"@type\":\"WebSite\",\"@id\":\"https:\/\/www.liberedivivere.com\/#website\",\"url\":\"https:\/\/www.liberedivivere.com\/\",\"name\":\"Libere di\u2026VIVERE\",\"description\":\"Just another WordPress site\",\"publisher\":{\"@id\":\"https:\/\/www.liberedivivere.com\/#organization\"},\"potentialAction\":[{\"@type\":\"SearchAction\",\"target\":{\"@type\":\"EntryPoint\",\"urlTemplate\":\"https:\/\/www.liberedivivere.com\/?s={search_term_string}\"},\"query-input\":{\"@type\":\"PropertyValueSpecification\",\"valueRequired\":true,\"valueName\":\"search_term_string\"}}],\"inLanguage\":\"fr-FR\"},{\"@type\":\"Organization\",\"@id\":\"https:\/\/www.liberedivivere.com\/#organization\",\"name\":\"Global Thinking Foundation\",\"url\":\"https:\/\/www.liberedivivere.com\/\",\"logo\":{\"@type\":\"ImageObject\",\"inLanguage\":\"fr-FR\",\"@id\":\"https:\/\/www.liberedivivere.com\/#\/schema\/logo\/image\/\",\"url\":\"https:\/\/www.liberedivivere.com\/wp-content\/uploads\/2020\/07\/logo_slider.png\",\"contentUrl\":\"https:\/\/www.liberedivivere.com\/wp-content\/uploads\/2020\/07\/logo_slider.png\",\"width\":605,\"height\":561,\"caption\":\"Global Thinking Foundation\"},\"image\":{\"@id\":\"https:\/\/www.liberedivivere.com\/#\/schema\/logo\/image\/\"},\"sameAs\":[\"https:\/\/www.facebook.com\/GlobalThinkingFoundation\/\",\"https:\/\/www.instagram.com\/globalthinkingfoundation\/\",\"https:\/\/www.youtube.com\/channel\/UCDNBF4vXJH618xaFlqdyYhw\"]},{\"@type\":\"Person\",\"@id\":\"https:\/\/www.liberedivivere.com\/#\/schema\/person\/7e727d972db772cf6c5945cde6f37446\",\"name\":\"admin\",\"image\":{\"@type\":\"ImageObject\",\"inLanguage\":\"fr-FR\",\"@id\":\"https:\/\/www.liberedivivere.com\/#\/schema\/person\/image\/\",\"url\":\"https:\/\/secure.gravatar.com\/avatar\/5cc105f67a24cab8379ad1cfd5dfdebb?s=96&d=mm&r=g\",\"contentUrl\":\"https:\/\/secure.gravatar.com\/avatar\/5cc105f67a24cab8379ad1cfd5dfdebb?s=96&d=mm&r=g\",\"caption\":\"admin\"},\"sameAs\":[\"http:\/\/liberedivivere.com\"]}]}<\/script>\n<!-- \/ Yoast SEO plugin. -->","yoast_head_json":{"title":"Eva Dans les jardins de l'esprit - Libere di vivere","robots":{"index":"index","follow":"follow","max-snippet":"max-snippet:-1","max-image-preview":"max-image-preview:large","max-video-preview":"max-video-preview:-1"},"canonical":"https:\/\/www.liberedivivere.com\/fr\/eva-dans-les-jardins-de-lesprit\/","og_locale":"fr_FR","og_type":"article","og_title":"Eva Dans les jardins de l'esprit - Libere di vivere","og_description":"Voici une nouvelle figure embl\u00e9matique de notre voyage \u00e0 travers les &#8220;Voix de femmes d&#8217;univers infinis&#8221;. Eva Mameli Calvino repr\u00e9sente la n\u00e9cessit\u00e9 pour les femmes de saisir dans leurs \u00e9tudes et leurs carri\u00e8res scientifiques l&#8217;opportunit\u00e9 d&#8217;am\u00e9liorer leur propre destin et celui des autres mais aussi l&#8217;engagement envers elle-m\u00eame et de ne jamais renoncer \u00e0 une... Voir l'article","og_url":"https:\/\/www.liberedivivere.com\/fr\/eva-dans-les-jardins-de-lesprit\/","og_site_name":"Libere di vivere","article_publisher":"https:\/\/www.facebook.com\/GlobalThinkingFoundation\/","article_published_time":"2021-12-27T08:25:42+00:00","article_modified_time":"2022-01-20T16:09:24+00:00","og_image":[{"width":1240,"height":1753,"url":"https:\/\/www.liberedivivere.com\/wp-content\/uploads\/2021\/12\/EVA-FRA_compressedImg_page-0001.jpg","type":"image\/jpeg"}],"author":"admin","twitter_card":"summary_large_image","twitter_misc":{"Written by":"admin","Est. reading time":"2 minutes"},"schema":{"@context":"https:\/\/schema.org","@graph":[{"@type":"Article","@id":"https:\/\/www.liberedivivere.com\/fr\/eva-dans-les-jardins-de-lesprit\/#article","isPartOf":{"@id":"https:\/\/www.liberedivivere.com\/fr\/eva-dans-les-jardins-de-lesprit\/"},"author":{"name":"admin","@id":"https:\/\/www.liberedivivere.com\/#\/schema\/person\/7e727d972db772cf6c5945cde6f37446"},"headline":"Eva Dans les jardins de l&#8217;esprit","datePublished":"2021-12-27T08:25:42+00:00","dateModified":"2022-01-20T16:09:24+00:00","mainEntityOfPage":{"@id":"https:\/\/www.liberedivivere.com\/fr\/eva-dans-les-jardins-de-lesprit\/"},"wordCount":337,"publisher":{"@id":"https:\/\/www.liberedivivere.com\/#organization"},"image":{"@id":"https:\/\/www.liberedivivere.com\/fr\/eva-dans-les-jardins-de-lesprit\/#primaryimage"},"thumbnailUrl":"https:\/\/www.liberedivivere.com\/wp-content\/uploads\/2021\/12\/EVA-FRA_compressedImg_page-0001.jpg","articleSection":["Romans Graphiques: Voix de Femmes d\u2019Univers Infinis"],"inLanguage":"fr-FR"},{"@type":"WebPage","@id":"https:\/\/www.liberedivivere.com\/fr\/eva-dans-les-jardins-de-lesprit\/","url":"https:\/\/www.liberedivivere.com\/fr\/eva-dans-les-jardins-de-lesprit\/","name":"Eva Dans les jardins de l'esprit - Libere di vivere","isPartOf":{"@id":"https:\/\/www.liberedivivere.com\/#website"},"primaryImageOfPage":{"@id":"https:\/\/www.liberedivivere.com\/fr\/eva-dans-les-jardins-de-lesprit\/#primaryimage"},"image":{"@id":"https:\/\/www.liberedivivere.com\/fr\/eva-dans-les-jardins-de-lesprit\/#primaryimage"},"thumbnailUrl":"https:\/\/www.liberedivivere.com\/wp-content\/uploads\/2021\/12\/EVA-FRA_compressedImg_page-0001.jpg","datePublished":"2021-12-27T08:25:42+00:00","dateModified":"2022-01-20T16:09:24+00:00","breadcrumb":{"@id":"https:\/\/www.liberedivivere.com\/fr\/eva-dans-les-jardins-de-lesprit\/#breadcrumb"},"inLanguage":"fr-FR","potentialAction":[{"@type":"ReadAction","target":["https:\/\/www.liberedivivere.com\/fr\/eva-dans-les-jardins-de-lesprit\/"]}]},{"@type":"ImageObject","inLanguage":"fr-FR","@id":"https:\/\/www.liberedivivere.com\/fr\/eva-dans-les-jardins-de-lesprit\/#primaryimage","url":"https:\/\/www.liberedivivere.com\/wp-content\/uploads\/2021\/12\/EVA-FRA_compressedImg_page-0001.jpg","contentUrl":"https:\/\/www.liberedivivere.com\/wp-content\/uploads\/2021\/12\/EVA-FRA_compressedImg_page-0001.jpg","width":1240,"height":1753},{"@type":"BreadcrumbList","@id":"https:\/\/www.liberedivivere.com\/fr\/eva-dans-les-jardins-de-lesprit\/#breadcrumb","itemListElement":[{"@type":"ListItem","position":1,"name":"Home","item":"https:\/\/www.liberedivivere.com\/fr\/"},{"@type":"ListItem","position":2,"name":"Eva Dans les jardins de l&#8217;esprit"}]},{"@type":"WebSite","@id":"https:\/\/www.liberedivivere.com\/#website","url":"https:\/\/www.liberedivivere.com\/","name":"Libere di\u2026VIVERE","description":"Just another WordPress site","publisher":{"@id":"https:\/\/www.liberedivivere.com\/#organization"},"potentialAction":[{"@type":"SearchAction","target":{"@type":"EntryPoint","urlTemplate":"https:\/\/www.liberedivivere.com\/?s={search_term_string}"},"query-input":{"@type":"PropertyValueSpecification","valueRequired":true,"valueName":"search_term_string"}}],"inLanguage":"fr-FR"},{"@type":"Organization","@id":"https:\/\/www.liberedivivere.com\/#organization","name":"Global Thinking Foundation","url":"https:\/\/www.liberedivivere.com\/","logo":{"@type":"ImageObject","inLanguage":"fr-FR","@id":"https:\/\/www.liberedivivere.com\/#\/schema\/logo\/image\/","url":"https:\/\/www.liberedivivere.com\/wp-content\/uploads\/2020\/07\/logo_slider.png","contentUrl":"https:\/\/www.liberedivivere.com\/wp-content\/uploads\/2020\/07\/logo_slider.png","width":605,"height":561,"caption":"Global Thinking Foundation"},"image":{"@id":"https:\/\/www.liberedivivere.com\/#\/schema\/logo\/image\/"},"sameAs":["https:\/\/www.facebook.com\/GlobalThinkingFoundation\/","https:\/\/www.instagram.com\/globalthinkingfoundation\/","https:\/\/www.youtube.com\/channel\/UCDNBF4vXJH618xaFlqdyYhw"]},{"@type":"Person","@id":"https:\/\/www.liberedivivere.com\/#\/schema\/person\/7e727d972db772cf6c5945cde6f37446","name":"admin","image":{"@type":"ImageObject","inLanguage":"fr-FR","@id":"https:\/\/www.liberedivivere.com\/#\/schema\/person\/image\/","url":"https:\/\/secure.gravatar.com\/avatar\/5cc105f67a24cab8379ad1cfd5dfdebb?s=96&d=mm&r=g","contentUrl":"https:\/\/secure.gravatar.com\/avatar\/5cc105f67a24cab8379ad1cfd5dfdebb?s=96&d=mm&r=g","caption":"admin"},"sameAs":["http:\/\/liberedivivere.com"]}]}},"_links":{"self":[{"href":"https:\/\/www.liberedivivere.com\/fr\/wp-json\/wp\/v2\/posts\/20740"}],"collection":[{"href":"https:\/\/www.liberedivivere.com\/fr\/wp-json\/wp\/v2\/posts"}],"about":[{"href":"https:\/\/www.liberedivivere.com\/fr\/wp-json\/wp\/v2\/types\/post"}],"author":[{"embeddable":true,"href":"https:\/\/www.liberedivivere.com\/fr\/wp-json\/wp\/v2\/users\/1"}],"replies":[{"embeddable":true,"href":"https:\/\/www.liberedivivere.com\/fr\/wp-json\/wp\/v2\/comments?post=20740"}],"version-history":[{"count":3,"href":"https:\/\/www.liberedivivere.com\/fr\/wp-json\/wp\/v2\/posts\/20740\/revisions"}],"predecessor-version":[{"id":20888,"href":"https:\/\/www.liberedivivere.com\/fr\/wp-json\/wp\/v2\/posts\/20740\/revisions\/20888"}],"wp:featuredmedia":[{"embeddable":true,"href":"https:\/\/www.liberedivivere.com\/fr\/wp-json\/wp\/v2\/media\/20741"}],"wp:attachment":[{"href":"https:\/\/www.liberedivivere.com\/fr\/wp-json\/wp\/v2\/media?parent=20740"}],"wp:term":[{"taxonomy":"category","embeddable":true,"href":"https:\/\/www.liberedivivere.com\/fr\/wp-json\/wp\/v2\/categories?post=20740"},{"taxonomy":"post_tag","embeddable":true,"href":"https:\/\/www.liberedivivere.com\/fr\/wp-json\/wp\/v2\/tags?post=20740"}],"curies":[{"name":"wp","href":"https:\/\/api.w.org\/{rel}","templated":true}]}}